{"id":13,"date":"2021-06-16T17:20:46","date_gmt":"2021-06-16T17:20:46","guid":{"rendered":"https:\/\/transfernews.de\/?p=13"},"modified":"2021-06-17T15:44:54","modified_gmt":"2021-06-17T15:44:54","slug":"ich-will-fur-koeman-spielen-depay-will-unbedingt-nach-barcelona","status":"publish","type":"post","link":"https:\/\/transfernews.de\/?p=13","title":{"rendered":"&#8222;Ich will f\u00fcr Koeman spielen&#8220; &#8211; Depay will unbedingt nach Barcelona"},"content":{"rendered":"\n<p><strong>Der 27-J\u00e4hrige wird Lyon in diesem Sommer f\u00fcr drei Jahre verlassen und denkt derzeit nur \u00fcber einen Wechsel ins Camp Nou nach<\/strong><\/p>\n\n\n\n<p>Memphis Depay sagt, dass er wieder unter Ronald Koeman spielen m\u00f6chte, w\u00e4hrend Berichte, dass er diesen Sommer zum FC Barcelona wechseln wird, weiter kursieren.<\/p>\n\n\n\n<p>Der Vertrag des niederl\u00e4ndischen Nationalspielers bei Lyon l\u00e4uft am Ende der Saison aus und ein Wechsel ins Camp Nou wird schon lange diskutiert.<\/p>\n\n\n\n<p>Bereits im vergangenen Sommer stand der 27-J\u00e4hrige kurz vor einem Wechsel zu den Spaniern, doch dieses Mal soll es ein Wiedersehen mit dem ehemaligen Oranje-Trainer Koeman geben.<\/p>\n","protected":false},"excerpt":{"rendered":"<p>Der 27-J\u00e4hrige wird Lyon in diesem Sommer f\u00fcr drei Jahre verlassen und denkt derzeit nur \u00fcber einen Wechsel ins Camp Nou nach Memphis Depay sagt, dass er wieder unter Ronald Koeman spielen m\u00f6chte, w\u00e4hrend Berichte, dass er diesen Sommer zum FC Barcelona wechseln wird, weiter kursieren. Der Vertrag des niederl\u00e4ndischen Nationalspielers bei Lyon l\u00e4uft am [&hellip;]<\/p>\n","protected":false},"author":1,"featured_media":14,"comment_status":"open","ping_status":"open","sticky":false,"template":"","format":"standard","meta":[],"categories":[2,3],"tags":[],"amp_enabled":true,"_links":{"self":[{"href":"https:\/\/transfernews.de\/index.php?rest_route=\/wp\/v2\/posts\/13"}],"collection":[{"href":"https:\/\/transfernews.de\/index.php?rest_route=\/wp\/v2\/posts"}],"about":[{"href":"https:\/\/transfernews.de\/index.php?rest_route=\/wp\/v2\/types\/post"}],"author":[{"embeddable":true,"href":"https:\/\/transfernews.de\/index.php?rest_route=\/wp\/v2\/users\/1"}],"replies":[{"embeddable":true,"href":"https:\/\/transfernews.de\/index.php?rest_route=%2Fwp%2Fv2%2Fcomments&post=13"}],"version-history":[{"count":1,"href":"https:\/\/transfernews.de\/index.php?rest_route=\/wp\/v2\/posts\/13\/revisions"}],"predecessor-version":[{"id":15,"href":"https:\/\/transfernews.de\/index.php?rest_route=\/wp\/v2\/posts\/13\/revisions\/15"}],"wp:featuredmedia":[{"embeddable":true,"href":"https:\/\/transfernews.de\/index.php?rest_route=\/wp\/v2\/media\/14"}],"wp:attachment":[{"href":"https:\/\/transfernews.de\/index.php?rest_route=%2Fwp%2Fv2%2Fmedia&parent=13"}],"wp:term":[{"taxonomy":"category","embeddable":true,"href":"https:\/\/transfernews.de\/index.php?rest_route=%2Fwp%2Fv2%2Fcategories&post=13"},{"taxonomy":"post_tag","embeddable":true,"href":"https:\/\/transfernews.de\/index.php?rest_route=%2Fwp%2Fv2%2Ftags&post=13"}],"curies":[{"name":"wp","href":"https:\/\/api.w.org\/{rel}","templated":true}]}}