{"id":16,"date":"2021-06-16T17:28:11","date_gmt":"2021-06-16T17:28:11","guid":{"rendered":"https:\/\/transfernews.de\/?p=16"},"modified":"2021-06-16T17:44:47","modified_gmt":"2021-06-16T17:44:47","slug":"buffon-verlasst-juventus-und-wechselt-fur-zwei-jahre-zu-parma","status":"publish","type":"post","link":"https:\/\/transfernews.de\/?p=16","title":{"rendered":"Buffon verl\u00e4sst Juventus und wechselt f\u00fcr zwei Jahre zu Parma"},"content":{"rendered":"\n<p><strong>Der legend\u00e4re italienische Torh\u00fcter hat sich gegen einen R\u00fccktritt entschieden, obwohl er auf die Mitte 40 zugeht<\/strong><\/p>\n\n\n\n<p>Gianluigi Buffon wird nach seinem Abschied von Juventus Turin f\u00fcr zwei Jahre zu Parma wechseln, wie Goal berichtet.<\/p>\n\n\n\n<p>Buffon gab im Mai bekannt, dass er Juve zum zweiten Mal verlassen wird, nachdem er nach einer Saison bei Paris Saint-Germain 2019 zum Verein zur\u00fcckkehren wird.<\/p>\n\n\n\n<p>Der 43-j\u00e4hrige Torh\u00fcter sagte auch, dass er \u00fcber einen R\u00fccktritt nachdenkt, hat diese Pl\u00e4ne aber nun ad acta gelegt, um eine R\u00fcckkehr nach Parma zu besiegeln, dem Verein, bei dem er seine Karriere 1995 begann.<\/p>\n","protected":false},"excerpt":{"rendered":"<p>Der legend\u00e4re italienische Torh\u00fcter hat sich gegen einen R\u00fccktritt entschieden, obwohl er auf die Mitte 40 zugeht Gianluigi Buffon wird nach seinem Abschied von Juventus Turin f\u00fcr zwei Jahre zu Parma wechseln, wie Goal berichtet. Buffon gab im Mai bekannt, dass er Juve zum zweiten Mal verlassen wird, nachdem er nach einer Saison bei Paris [&hellip;]<\/p>\n","protected":false},"author":1,"featured_media":17,"comment_status":"open","ping_status":"open","sticky":false,"template":"","format":"standard","meta":[],"categories":[4,8],"tags":[],"amp_enabled":true,"_links":{"self":[{"href":"https:\/\/transfernews.de\/index.php?rest_route=\/wp\/v2\/posts\/16"}],"collection":[{"href":"https:\/\/transfernews.de\/index.php?rest_route=\/wp\/v2\/posts"}],"about":[{"href":"https:\/\/transfernews.de\/index.php?rest_route=\/wp\/v2\/types\/post"}],"author":[{"embeddable":true,"href":"https:\/\/transfernews.de\/index.php?rest_route=\/wp\/v2\/users\/1"}],"replies":[{"embeddable":true,"href":"https:\/\/transfernews.de\/index.php?rest_route=%2Fwp%2Fv2%2Fcomments&post=16"}],"version-history":[{"count":1,"href":"https:\/\/transfernews.de\/index.php?rest_route=\/wp\/v2\/posts\/16\/revisions"}],"predecessor-version":[{"id":18,"href":"https:\/\/transfernews.de\/index.php?rest_route=\/wp\/v2\/posts\/16\/revisions\/18"}],"wp:featuredmedia":[{"embeddable":true,"href":"https:\/\/transfernews.de\/index.php?rest_route=\/wp\/v2\/media\/17"}],"wp:attachment":[{"href":"https:\/\/transfernews.de\/index.php?rest_route=%2Fwp%2Fv2%2Fmedia&parent=16"}],"wp:term":[{"taxonomy":"category","embeddable":true,"href":"https:\/\/transfernews.de\/index.php?rest_route=%2Fwp%2Fv2%2Fcategories&post=16"},{"taxonomy":"post_tag","embeddable":true,"href":"https:\/\/transfernews.de\/index.php?rest_route=%2Fwp%2Fv2%2Ftags&post=16"}],"curies":[{"name":"wp","href":"https:\/\/api.w.org\/{rel}","templated":true}]}}