{"id":19,"date":"2021-06-16T17:37:18","date_gmt":"2021-06-16T17:37:18","guid":{"rendered":"https:\/\/transfernews.de\/?p=19"},"modified":"2021-06-16T17:37:20","modified_gmt":"2021-06-16T17:37:20","slug":"es-ist-ein-privileg-liverpools-torhuter-adrian-freut-sich-uber-seinen-neuen-zweijahresvertrag","status":"publish","type":"post","link":"https:\/\/transfernews.de\/?p=19","title":{"rendered":"&#8222;Es ist ein Privileg&#8220; &#8211; Liverpools Torh\u00fcter Adrian freut sich \u00fcber seinen neuen Zweijahresvertrag"},"content":{"rendered":"\n<p><strong>Der 34-j\u00e4hrige Spanier bleibt in Anfield als Ersatzmann f\u00fcr Alisson Becker, nachdem er sich mit den Reds auf einen neuen Vertrag geeinigt hat.<\/strong><\/p>\n\n\n\n<p>Liverpools Torh\u00fcter Adrian bleibt in Anfield, nachdem er einen neuen Zweijahresvertrag unterschrieben hat.<\/p>\n\n\n\n<p>Der aktuelle Vertrag des Spaniers bei den Reds sollte eigentlich Ende des Monats auslaufen, doch der 34-J\u00e4hrige wird nun mindestens eine weitere Saison bleiben, nachdem er sich mit den Reds auf einen neuen Vertrag geeinigt hat.<\/p>\n\n\n\n<p>Adrian, der im August 2019 von West Ham kam, wird wieder mit dem irischen Nationalspieler Caoimhin Kelleher um die Rolle des Stellvertreters von Alisson Becker, Liverpools Stammtorh\u00fcter, konkurrieren.<\/p>\n","protected":false},"excerpt":{"rendered":"<p>Der 34-j\u00e4hrige Spanier bleibt in Anfield als Ersatzmann f\u00fcr Alisson Becker, nachdem er sich mit den Reds auf einen neuen Vertrag geeinigt hat. Liverpools Torh\u00fcter Adrian bleibt in Anfield, nachdem er einen neuen Zweijahresvertrag unterschrieben hat. Der aktuelle Vertrag des Spaniers bei den Reds sollte eigentlich Ende des Monats auslaufen, doch der 34-J\u00e4hrige wird nun [&hellip;]<\/p>\n","protected":false},"author":1,"featured_media":20,"comment_status":"open","ping_status":"open","sticky":false,"template":"","format":"standard","meta":[],"categories":[2,4,7],"tags":[],"amp_enabled":true,"_links":{"self":[{"href":"https:\/\/transfernews.de\/index.php?rest_route=\/wp\/v2\/posts\/19"}],"collection":[{"href":"https:\/\/transfernews.de\/index.php?rest_route=\/wp\/v2\/posts"}],"about":[{"href":"https:\/\/transfernews.de\/index.php?rest_route=\/wp\/v2\/types\/post"}],"author":[{"embeddable":true,"href":"https:\/\/transfernews.de\/index.php?rest_route=\/wp\/v2\/users\/1"}],"replies":[{"embeddable":true,"href":"https:\/\/transfernews.de\/index.php?rest_route=%2Fwp%2Fv2%2Fcomments&post=19"}],"version-history":[{"count":1,"href":"https:\/\/transfernews.de\/index.php?rest_route=\/wp\/v2\/posts\/19\/revisions"}],"predecessor-version":[{"id":21,"href":"https:\/\/transfernews.de\/index.php?rest_route=\/wp\/v2\/posts\/19\/revisions\/21"}],"wp:featuredmedia":[{"embeddable":true,"href":"https:\/\/transfernews.de\/index.php?rest_route=\/wp\/v2\/media\/20"}],"wp:attachment":[{"href":"https:\/\/transfernews.de\/index.php?rest_route=%2Fwp%2Fv2%2Fmedia&parent=19"}],"wp:term":[{"taxonomy":"category","embeddable":true,"href":"https:\/\/transfernews.de\/index.php?rest_route=%2Fwp%2Fv2%2Fcategories&post=19"},{"taxonomy":"post_tag","embeddable":true,"href":"https:\/\/transfernews.de\/index.php?rest_route=%2Fwp%2Fv2%2Ftags&post=19"}],"curies":[{"name":"wp","href":"https:\/\/api.w.org\/{rel}","templated":true}]}}