{"id":551,"date":"2021-06-17T15:20:50","date_gmt":"2021-06-17T15:20:50","guid":{"rendered":"https:\/\/transfernews.de\/?p=551"},"modified":"2021-06-17T15:20:51","modified_gmt":"2021-06-17T15:20:51","slug":"ramos-ich-wollte-bei-real-madrid-bleiben-aber-sie-haben-mir-gesagt-dass-meine-zeit-abgelaufen-ist","status":"publish","type":"post","link":"https:\/\/transfernews.de\/?p=551","title":{"rendered":"Ramos: Ich wollte bei Real Madrid bleiben, aber sie haben mir gesagt, dass meine Zeit abgelaufen ist"},"content":{"rendered":"\n<p><strong>Nach 16 Jahren in der spanischen Hauptstadt will der legend\u00e4re Innenverteidiger zu neuen Ufern aufbrechen, obwohl er mit Los Blancos weitermachen m\u00f6chte<\/strong><\/p>\n\n\n\n<p>Sergio Ramos hat gesagt, dass er das Angebot von Real Madrid, um ein Jahr zu verl\u00e4ngern, annehmen wollte, aber ihm wurde gesagt, dass seine Zeit abgelaufen ist.<\/p>\n\n\n\n<p>Der ehemalige Kapit\u00e4n der Blancos wird demnach das Santiago Bernabeu nach 16 Jahren im ber\u00fchmten wei\u00dfen Trikot verlassen.<\/p>\n\n\n\n<p>Der Innenverteidiger wird weiterhin auf h\u00f6chstem Niveau Fu\u00dfball spielen, behauptet aber, dass er nicht wei\u00df, f\u00fcr welches Team er in der n\u00e4chsten Saison spielen wird.<\/p>\n","protected":false},"excerpt":{"rendered":"<p>Nach 16 Jahren in der spanischen Hauptstadt will der legend\u00e4re Innenverteidiger zu neuen Ufern aufbrechen, obwohl er mit Los Blancos weitermachen m\u00f6chte Sergio Ramos hat gesagt, dass er das Angebot von Real Madrid, um ein Jahr zu verl\u00e4ngern, annehmen wollte, aber ihm wurde gesagt, dass seine Zeit abgelaufen ist. Der ehemalige Kapit\u00e4n der Blancos wird [&hellip;]<\/p>\n","protected":false},"author":1,"featured_media":552,"comment_status":"open","ping_status":"open","sticky":false,"template":"","format":"standard","meta":[],"categories":[4,7],"tags":[],"amp_enabled":true,"_links":{"self":[{"href":"https:\/\/transfernews.de\/index.php?rest_route=\/wp\/v2\/posts\/551"}],"collection":[{"href":"https:\/\/transfernews.de\/index.php?rest_route=\/wp\/v2\/posts"}],"about":[{"href":"https:\/\/transfernews.de\/index.php?rest_route=\/wp\/v2\/types\/post"}],"author":[{"embeddable":true,"href":"https:\/\/transfernews.de\/index.php?rest_route=\/wp\/v2\/users\/1"}],"replies":[{"embeddable":true,"href":"https:\/\/transfernews.de\/index.php?rest_route=%2Fwp%2Fv2%2Fcomments&post=551"}],"version-history":[{"count":1,"href":"https:\/\/transfernews.de\/index.php?rest_route=\/wp\/v2\/posts\/551\/revisions"}],"predecessor-version":[{"id":553,"href":"https:\/\/transfernews.de\/index.php?rest_route=\/wp\/v2\/posts\/551\/revisions\/553"}],"wp:featuredmedia":[{"embeddable":true,"href":"https:\/\/transfernews.de\/index.php?rest_route=\/wp\/v2\/media\/552"}],"wp:attachment":[{"href":"https:\/\/transfernews.de\/index.php?rest_route=%2Fwp%2Fv2%2Fmedia&parent=551"}],"wp:term":[{"taxonomy":"category","embeddable":true,"href":"https:\/\/transfernews.de\/index.php?rest_route=%2Fwp%2Fv2%2Fcategories&post=551"},{"taxonomy":"post_tag","embeddable":true,"href":"https:\/\/transfernews.de\/index.php?rest_route=%2Fwp%2Fv2%2Ftags&post=551"}],"curies":[{"name":"wp","href":"https:\/\/api.w.org\/{rel}","templated":true}]}}