{"id":570,"date":"2021-06-17T15:47:30","date_gmt":"2021-06-17T15:47:30","guid":{"rendered":"https:\/\/transfernews.de\/?p=570"},"modified":"2021-06-17T15:47:31","modified_gmt":"2021-06-17T15:47:31","slug":"neymar-wollte-2019-nicht-nach-barcelona-zuruckkehren-behauptet-psg-prasident-al-khelaifi","status":"publish","type":"post","link":"https:\/\/transfernews.de\/?p=570","title":{"rendered":"Neymar wollte 2019 nicht nach Barcelona zur\u00fcckkehren, behauptet PSG-Pr\u00e4sident Al-Khelaifi"},"content":{"rendered":"\n<p><strong>Der Pr\u00e4sident des Ligue 1-Vereins sagt, dass der brasilianische Nationalspieler 2019 nie ins Camp Nou zur\u00fcckkehren wollte<\/strong>.<\/p>\n\n\n\n<p>Der Pr\u00e4sident von Paris Saint-Germain, Nasser Al-Khelaifi, behauptet, dass Neymar im Jahr 2019 nicht nach Barcelona zur\u00fcckkehren wollte, trotz weit verbreiteter Ger\u00fcchte zu dieser Zeit.<\/p>\n\n\n\n<p>Neymar kam 2017 zu PSG, aber es wurde angenommen, dass er zun\u00e4chst unzufrieden war, nachdem er f\u00fcr den Weltrekord von 222 Millionen Euro (198 Millionen Pfund) zu den Parisern gewechselt war, die eine Ausstiegsklausel in seinem Vertrag ausl\u00f6sten.<\/p>\n\n\n\n<p>Der brasilianische Star signalisierte k\u00fcrzlich seine Zufriedenheit in der franz\u00f6sischen Hauptstadt, indem er einen neuen Vertrag bis 2025 unterzeichnete, und Al-Khelaifi behauptet, dass er nie gehen wollte.<\/p>\n","protected":false},"excerpt":{"rendered":"<p>Der Pr\u00e4sident des Ligue 1-Vereins sagt, dass der brasilianische Nationalspieler 2019 nie ins Camp Nou zur\u00fcckkehren wollte. Der Pr\u00e4sident von Paris Saint-Germain, Nasser Al-Khelaifi, behauptet, dass Neymar im Jahr 2019 nicht nach Barcelona zur\u00fcckkehren wollte, trotz weit verbreiteter Ger\u00fcchte zu dieser Zeit. Neymar kam 2017 zu PSG, aber es wurde angenommen, dass er zun\u00e4chst unzufrieden [&hellip;]<\/p>\n","protected":false},"author":1,"featured_media":571,"comment_status":"open","ping_status":"open","sticky":false,"template":"","format":"standard","meta":[],"categories":[254],"tags":[],"amp_enabled":true,"_links":{"self":[{"href":"https:\/\/transfernews.de\/index.php?rest_route=\/wp\/v2\/posts\/570"}],"collection":[{"href":"https:\/\/transfernews.de\/index.php?rest_route=\/wp\/v2\/posts"}],"about":[{"href":"https:\/\/transfernews.de\/index.php?rest_route=\/wp\/v2\/types\/post"}],"author":[{"embeddable":true,"href":"https:\/\/transfernews.de\/index.php?rest_route=\/wp\/v2\/users\/1"}],"replies":[{"embeddable":true,"href":"https:\/\/transfernews.de\/index.php?rest_route=%2Fwp%2Fv2%2Fcomments&post=570"}],"version-history":[{"count":1,"href":"https:\/\/transfernews.de\/index.php?rest_route=\/wp\/v2\/posts\/570\/revisions"}],"predecessor-version":[{"id":572,"href":"https:\/\/transfernews.de\/index.php?rest_route=\/wp\/v2\/posts\/570\/revisions\/572"}],"wp:featuredmedia":[{"embeddable":true,"href":"https:\/\/transfernews.de\/index.php?rest_route=\/wp\/v2\/media\/571"}],"wp:attachment":[{"href":"https:\/\/transfernews.de\/index.php?rest_route=%2Fwp%2Fv2%2Fmedia&parent=570"}],"wp:term":[{"taxonomy":"category","embeddable":true,"href":"https:\/\/transfernews.de\/index.php?rest_route=%2Fwp%2Fv2%2Fcategories&post=570"},{"taxonomy":"post_tag","embeddable":true,"href":"https:\/\/transfernews.de\/index.php?rest_route=%2Fwp%2Fv2%2Ftags&post=570"}],"curies":[{"name":"wp","href":"https:\/\/api.w.org\/{rel}","templated":true}]}}